{"id":28326,"date":"2026-03-07T05:00:56","date_gmt":"2026-03-07T05:00:56","guid":{"rendered":"https:\/\/ttv-waltrop.de\/?p=28326"},"modified":"2026-03-07T05:00:56","modified_gmt":"2026-03-07T05:00:56","slug":"unser-vorstand-fuer-euch-im-einsatz","status":"publish","type":"post","link":"https:\/\/ttv-waltrop.de\/?p=28326","title":{"rendered":"Unser Vorstand f\u00fcr Euch im Einsatz"},"content":{"rendered":"<p>Unsere letzte Jahreshauptversammlung ist schon etwas her; jetzt ist es uns (endlich) gelungen, ein neues Vorstandsfoto zu machen.<\/p>\n<p><img loading=\"lazy\" decoding=\"async\" class=\"size-medium wp-image-28327\" src=\"https:\/\/ttv-waltrop.de\/wp-content\/uploads\/2026\/03\/Vorstand-TTV-07032026-260x300.jpg\" alt=\"\" width=\"260\" height=\"300\" \/><\/p>\n<p>Von links nach rechts:<\/p>\n<p>Jan Borchert (Gesch\u00e4ftsf\u00fchrer), Simon Jungjohann (2. Vorstzender), Antje Korte-Wildoer (Jugendleiterin), Sven Lemmert (Schriftf\u00fchrer), Jens Korte (1. Vorsitzender), Hans Dommert (Kassierer), Kirsten Celik (Pressewartin), Johanna Jankowski (Sportwartin)<\/p>\n","protected":false},"excerpt":{"rendered":"<p>Unsere letzte Jahreshauptversammlung ist schon etwas her; jetzt ist es uns (endlich) gelungen, ein neues Vorstandsfoto zu machen. Von links nach rechts: Jan Borchert (Gesch\u00e4ftsf\u00fchrer), Simon Jungjohann (2. Vorstzender), Antje Korte-Wildoer (Jugendleiterin), Sven Lemmert (Schriftf\u00fchrer), Jens Korte (1. Vorsitzender), Hans Dommert (Kassierer), Kirsten Celik (Pressewartin), Johanna Jankowski (Sportwartin)<\/p>\n","protected":false},"author":2,"featured_media":28327,"comment_status":"open","ping_status":"open","sticky":false,"template":"","format":"standard","meta":{"_et_pb_use_builder":"","_et_pb_old_content":"","_et_gb_content_width":"","footnotes":""},"categories":[8],"tags":[],"class_list":["post-28326","post","type-post","status-publish","format-standard","has-post-thumbnail","hentry","category-aktuelles"],"_links":{"self":[{"href":"https:\/\/ttv-waltrop.de\/index.php?rest_route=\/wp\/v2\/posts\/28326","targetHints":{"allow":["GET"]}}],"collection":[{"href":"https:\/\/ttv-waltrop.de\/index.php?rest_route=\/wp\/v2\/posts"}],"about":[{"href":"https:\/\/ttv-waltrop.de\/index.php?rest_route=\/wp\/v2\/types\/post"}],"author":[{"embeddable":true,"href":"https:\/\/ttv-waltrop.de\/index.php?rest_route=\/wp\/v2\/users\/2"}],"replies":[{"embeddable":true,"href":"https:\/\/ttv-waltrop.de\/index.php?rest_route=%2Fwp%2Fv2%2Fcomments&post=28326"}],"version-history":[{"count":1,"href":"https:\/\/ttv-waltrop.de\/index.php?rest_route=\/wp\/v2\/posts\/28326\/revisions"}],"predecessor-version":[{"id":28328,"href":"https:\/\/ttv-waltrop.de\/index.php?rest_route=\/wp\/v2\/posts\/28326\/revisions\/28328"}],"wp:featuredmedia":[{"embeddable":true,"href":"https:\/\/ttv-waltrop.de\/index.php?rest_route=\/wp\/v2\/media\/28327"}],"wp:attachment":[{"href":"https:\/\/ttv-waltrop.de\/index.php?rest_route=%2Fwp%2Fv2%2Fmedia&parent=28326"}],"wp:term":[{"taxonomy":"category","embeddable":true,"href":"https:\/\/ttv-waltrop.de\/index.php?rest_route=%2Fwp%2Fv2%2Fcategories&post=28326"},{"taxonomy":"post_tag","embeddable":true,"href":"https:\/\/ttv-waltrop.de\/index.php?rest_route=%2Fwp%2Fv2%2Ftags&post=28326"}],"curies":[{"name":"wp","href":"https:\/\/api.w.org\/{rel}","templated":true}]}}